{"id":6216,"date":"2018-09-14T15:42:14","date_gmt":"2018-09-14T13:42:14","guid":{"rendered":"https:\/\/www.streetpark.eu\/?p=6216"},"modified":"2024-03-18T09:17:13","modified_gmt":"2024-03-18T08:17:13","slug":"lehatko-vela","status":"publish","type":"post","link":"https:\/\/www.streetpark.eu\/cs\/lehatko-vela\/","title":{"rendered":"Leh\u00e1tko VELA"},"content":{"rendered":"<p><img loading=\"lazy\" decoding=\"async\" class=\"alignnone wp-image-4981\" src=\"https:\/\/www.streetpark.eu\/wp-content\/uploads\/2018\/05\/streetpark-lavicka-VELA-LVL5-04-500x333.jpg\" alt=\"\" width=\"981\" height=\"653\" srcset=\"https:\/\/www.streetpark.eu\/wp-content\/uploads\/2018\/05\/streetpark-lavicka-VELA-LVL5-04-500x333.jpg 500w, https:\/\/www.streetpark.eu\/wp-content\/uploads\/2018\/05\/streetpark-lavicka-VELA-LVL5-04-150x100.jpg 150w, https:\/\/www.streetpark.eu\/wp-content\/uploads\/2018\/05\/streetpark-lavicka-VELA-LVL5-04-768x512.jpg 768w, https:\/\/www.streetpark.eu\/wp-content\/uploads\/2018\/05\/streetpark-lavicka-VELA-LVL5-04-1024x682.jpg 1024w, https:\/\/www.streetpark.eu\/wp-content\/uploads\/2018\/05\/streetpark-lavicka-VELA-LVL5-04.jpg 1600w\" sizes=\"auto, (max-width: 981px) 100vw, 981px\" \/><\/p>\n<p>Leh\u00e1tko VELA roz\u0161i\u0159uje \u0159ady na\u0161ich nov\u00fdch lavi\u010dek stejn\u00e9ho n\u00e1zvu. Je tvo\u0159eno nen\u00e1padnou lehkou konstrukc\u00ed, k n\u00ed\u017e je p\u0159ipojena sada zaoblen\u00fdch lat\u00ed z masivn\u00edho d\u0159eva. Lze jimi doplnit lavi\u010dkov\u00e9 sestavy v parc\u00edch, n\u00e1b\u0159e\u017e\u00edch \u0159ek, univerzitn\u00edch kampusech a jin\u00fdch ve\u0159ejn\u00fdch prostor\u00e1ch v\u0161ude tam, kde lid\u00e9 ocen\u00ed zv\u00fd\u0161en\u00fd komfort pro relaxov\u00e1n\u00ed a odpo\u010dinek. Pro v\u00edce informac\u00ed o leh\u00e1tku klikn\u011bte <a href=\"https:\/\/www.streetpark.eu\/cs\/vyrobek\/parkove-lavicky-vela\/\">zde.<\/a><\/p>\n","protected":false},"excerpt":{"rendered":"<p>Leh\u00e1tko VELA roz\u0161i\u0159uje \u0159ady na\u0161ich nov\u00fdch lavi\u010dek stejn\u00e9ho n\u00e1zvu. Je tvo\u0159eno nen\u00e1padnou lehkou konstrukc\u00ed, k n\u00ed\u017e je p\u0159ipojena sada zaoblen\u00fdch lat\u00ed z masivn\u00edho d\u0159eva. Lze jimi doplnit lavi\u010dkov\u00e9 sestavy v parc\u00edch, n\u00e1b\u0159e\u017e\u00edch \u0159ek, univerzitn\u00edch kampusech a jin\u00fdch ve\u0159ejn\u00fdch prostor\u00e1ch v\u0161ude &hellip; <a href=\"https:\/\/www.streetpark.eu\/cs\/lehatko-vela\/\">Continued<\/a><\/p>\n","protected":false},"author":84,"featured_media":4981,"comment_status":"closed","ping_status":"open","sticky":false,"template":"","format":"standard","meta":{"_acf_changed":false,"footnotes":""},"categories":[1],"tags":[],"class_list":["post-6216","post","type-post","status-publish","format-standard","has-post-thumbnail","hentry","category-uncategorized-cs"],"acf":[],"yoast_head":"<!-- This site is optimized with the Yoast SEO plugin v26.9 - https:\/\/yoast.com\/product\/yoast-seo-wordpress\/ -->\n<title>Leh\u00e1tko VELA - M\u011bstsk\u00fd mobili\u00e1\u0159 STREETPARK<\/title>\n<meta name=\"robots\" content=\"index, follow, max-snippet:-1, max-image-preview:large, max-video-preview:-1\" \/>\n<link rel=\"canonical\" href=\"https:\/\/www.streetpark.eu\/cs\/lehatko-vela\/\" \/>\n<meta property=\"og:locale\" content=\"cs_CZ\" \/>\n<meta property=\"og:type\" content=\"article\" \/>\n<meta property=\"og:title\" content=\"Leh\u00e1tko VELA - M\u011bstsk\u00fd mobili\u00e1\u0159 STREETPARK\" \/>\n<meta property=\"og:description\" content=\"Leh\u00e1tko VELA roz\u0161i\u0159uje \u0159ady na\u0161ich nov\u00fdch lavi\u010dek stejn\u00e9ho n\u00e1zvu. Je tvo\u0159eno nen\u00e1padnou lehkou konstrukc\u00ed, k n\u00ed\u017e je p\u0159ipojena sada zaoblen\u00fdch lat\u00ed z masivn\u00edho d\u0159eva. Lze jimi doplnit lavi\u010dkov\u00e9 sestavy v parc\u00edch, n\u00e1b\u0159e\u017e\u00edch \u0159ek, univerzitn\u00edch kampusech a jin\u00fdch ve\u0159ejn\u00fdch prostor\u00e1ch v\u0161ude &hellip; Continued\" \/>\n<meta property=\"og:url\" content=\"https:\/\/www.streetpark.eu\/cs\/lehatko-vela\/\" \/>\n<meta property=\"og:site_name\" content=\"M\u011bstsk\u00fd mobili\u00e1\u0159 STREETPARK\" \/>\n<meta property=\"article:publisher\" content=\"https:\/\/www.facebook.com\/streetpark.eu\" \/>\n<meta property=\"article:published_time\" content=\"2018-09-14T13:42:14+00:00\" \/>\n<meta property=\"article:modified_time\" content=\"2024-03-18T08:17:13+00:00\" \/>\n<meta property=\"og:image\" content=\"https:\/\/www.streetpark.eu\/wp-content\/uploads\/2018\/05\/streetpark-lavicka-VELA-LVL5-04.jpg\" \/>\n\t<meta property=\"og:image:width\" content=\"1600\" \/>\n\t<meta property=\"og:image:height\" content=\"1066\" \/>\n\t<meta property=\"og:image:type\" content=\"image\/jpeg\" \/>\n<meta name=\"author\" content=\"Magdalena Dokulilov\u00e1\" \/>\n<meta name=\"twitter:card\" content=\"summary_large_image\" \/>\n<meta name=\"twitter:label1\" content=\"Napsal(a)\" \/>\n\t<meta name=\"twitter:data1\" content=\"Magdalena Dokulilov\u00e1\" \/>\n\t<meta name=\"twitter:label2\" content=\"Odhadovan\u00e1 doba \u010dten\u00ed\" \/>\n\t<meta name=\"twitter:data2\" content=\"1 minuta\" \/>\n<script type=\"application\/ld+json\" class=\"yoast-schema-graph\">{\"@context\":\"https:\/\/schema.org\",\"@graph\":[{\"@type\":\"Article\",\"@id\":\"https:\/\/www.streetpark.eu\/cs\/lehatko-vela\/#article\",\"isPartOf\":{\"@id\":\"https:\/\/www.streetpark.eu\/cs\/lehatko-vela\/\"},\"author\":{\"name\":\"Magdalena Dokulilov\u00e1\",\"@id\":\"https:\/\/www.streetpark.eu\/cs\/#\/schema\/person\/05cdbc4cb9641b2b18c3ffffb116c1c2\"},\"headline\":\"Leh\u00e1tko VELA\",\"datePublished\":\"2018-09-14T13:42:14+00:00\",\"dateModified\":\"2024-03-18T08:17:13+00:00\",\"mainEntityOfPage\":{\"@id\":\"https:\/\/www.streetpark.eu\/cs\/lehatko-vela\/\"},\"wordCount\":91,\"publisher\":{\"@id\":\"https:\/\/www.streetpark.eu\/cs\/#organization\"},\"image\":{\"@id\":\"https:\/\/www.streetpark.eu\/cs\/lehatko-vela\/#primaryimage\"},\"thumbnailUrl\":\"https:\/\/www.streetpark.eu\/wp-content\/uploads\/2018\/05\/streetpark-lavicka-VELA-LVL5-04.jpg\",\"articleSection\":[\"Uncategorized @cs\"],\"inLanguage\":\"cs\"},{\"@type\":\"WebPage\",\"@id\":\"https:\/\/www.streetpark.eu\/cs\/lehatko-vela\/\",\"url\":\"https:\/\/www.streetpark.eu\/cs\/lehatko-vela\/\",\"name\":\"Leh\u00e1tko VELA - M\u011bstsk\u00fd mobili\u00e1\u0159 STREETPARK\",\"isPartOf\":{\"@id\":\"https:\/\/www.streetpark.eu\/cs\/#website\"},\"primaryImageOfPage\":{\"@id\":\"https:\/\/www.streetpark.eu\/cs\/lehatko-vela\/#primaryimage\"},\"image\":{\"@id\":\"https:\/\/www.streetpark.eu\/cs\/lehatko-vela\/#primaryimage\"},\"thumbnailUrl\":\"https:\/\/www.streetpark.eu\/wp-content\/uploads\/2018\/05\/streetpark-lavicka-VELA-LVL5-04.jpg\",\"datePublished\":\"2018-09-14T13:42:14+00:00\",\"dateModified\":\"2024-03-18T08:17:13+00:00\",\"breadcrumb\":{\"@id\":\"https:\/\/www.streetpark.eu\/cs\/lehatko-vela\/#breadcrumb\"},\"inLanguage\":\"cs\",\"potentialAction\":[{\"@type\":\"ReadAction\",\"target\":[\"https:\/\/www.streetpark.eu\/cs\/lehatko-vela\/\"]}]},{\"@type\":\"ImageObject\",\"inLanguage\":\"cs\",\"@id\":\"https:\/\/www.streetpark.eu\/cs\/lehatko-vela\/#primaryimage\",\"url\":\"https:\/\/www.streetpark.eu\/wp-content\/uploads\/2018\/05\/streetpark-lavicka-VELA-LVL5-04.jpg\",\"contentUrl\":\"https:\/\/www.streetpark.eu\/wp-content\/uploads\/2018\/05\/streetpark-lavicka-VELA-LVL5-04.jpg\",\"width\":1600,\"height\":1066},{\"@type\":\"BreadcrumbList\",\"@id\":\"https:\/\/www.streetpark.eu\/cs\/lehatko-vela\/#breadcrumb\",\"itemListElement\":[{\"@type\":\"ListItem\",\"position\":1,\"name\":\"Dom\u016f\",\"item\":\"https:\/\/www.streetpark.eu\/cs\/\"},{\"@type\":\"ListItem\",\"position\":2,\"name\":\"Leh\u00e1tko VELA\"}]},{\"@type\":\"WebSite\",\"@id\":\"https:\/\/www.streetpark.eu\/cs\/#website\",\"url\":\"https:\/\/www.streetpark.eu\/cs\/\",\"name\":\"M\u011bstsk\u00fd mobili\u00e1\u0159 STREETPARK\",\"description\":\"STREETPARK jsou designov\u00e9 v\u00fdrobky, kter\u00e9 probud\u00ed va\u0161e city.\",\"publisher\":{\"@id\":\"https:\/\/www.streetpark.eu\/cs\/#organization\"},\"potentialAction\":[{\"@type\":\"SearchAction\",\"target\":{\"@type\":\"EntryPoint\",\"urlTemplate\":\"https:\/\/www.streetpark.eu\/cs\/?s={search_term_string}\"},\"query-input\":{\"@type\":\"PropertyValueSpecification\",\"valueRequired\":true,\"valueName\":\"search_term_string\"}}],\"inLanguage\":\"cs\"},{\"@type\":\"Organization\",\"@id\":\"https:\/\/www.streetpark.eu\/cs\/#organization\",\"name\":\"M\u011bstsk\u00fd mobili\u00e1\u0159 STREETPARK\",\"url\":\"https:\/\/www.streetpark.eu\/cs\/\",\"logo\":{\"@type\":\"ImageObject\",\"inLanguage\":\"cs\",\"@id\":\"https:\/\/www.streetpark.eu\/cs\/#\/schema\/logo\/image\/\",\"url\":\"https:\/\/www.streetpark.eu\/wp-content\/uploads\/2022\/10\/STREETPARK_zakladni-varianta_ochr.zona.png\",\"contentUrl\":\"https:\/\/www.streetpark.eu\/wp-content\/uploads\/2022\/10\/STREETPARK_zakladni-varianta_ochr.zona.png\",\"width\":1906,\"height\":575,\"caption\":\"M\u011bstsk\u00fd mobili\u00e1\u0159 STREETPARK\"},\"image\":{\"@id\":\"https:\/\/www.streetpark.eu\/cs\/#\/schema\/logo\/image\/\"},\"sameAs\":[\"https:\/\/www.facebook.com\/streetpark.eu\",\"https:\/\/www.instagram.com\/streetpark.eu\/\",\"https:\/\/www.linkedin.com\/company\/streetpark\",\"https:\/\/cz.pinterest.com\/streetparkurbanfurniture\/\"]},{\"@type\":\"Person\",\"@id\":\"https:\/\/www.streetpark.eu\/cs\/#\/schema\/person\/05cdbc4cb9641b2b18c3ffffb116c1c2\",\"name\":\"Magdalena Dokulilov\u00e1\",\"image\":{\"@type\":\"ImageObject\",\"inLanguage\":\"cs\",\"@id\":\"https:\/\/www.streetpark.eu\/cs\/#\/schema\/person\/image\/\",\"url\":\"https:\/\/secure.gravatar.com\/avatar\/dfb235d048b37b88a6075ced1a725f10bde35828588105a8ec456b1e35611985?s=96&d=mm&r=g\",\"contentUrl\":\"https:\/\/secure.gravatar.com\/avatar\/dfb235d048b37b88a6075ced1a725f10bde35828588105a8ec456b1e35611985?s=96&d=mm&r=g\",\"caption\":\"Magdalena Dokulilov\u00e1\"}}]}<\/script>\n<!-- \/ Yoast SEO plugin. -->","yoast_head_json":{"title":"Leh\u00e1tko VELA - M\u011bstsk\u00fd mobili\u00e1\u0159 STREETPARK","robots":{"index":"index","follow":"follow","max-snippet":"max-snippet:-1","max-image-preview":"max-image-preview:large","max-video-preview":"max-video-preview:-1"},"canonical":"https:\/\/www.streetpark.eu\/cs\/lehatko-vela\/","og_locale":"cs_CZ","og_type":"article","og_title":"Leh\u00e1tko VELA - M\u011bstsk\u00fd mobili\u00e1\u0159 STREETPARK","og_description":"Leh\u00e1tko VELA roz\u0161i\u0159uje \u0159ady na\u0161ich nov\u00fdch lavi\u010dek stejn\u00e9ho n\u00e1zvu. Je tvo\u0159eno nen\u00e1padnou lehkou konstrukc\u00ed, k n\u00ed\u017e je p\u0159ipojena sada zaoblen\u00fdch lat\u00ed z masivn\u00edho d\u0159eva. Lze jimi doplnit lavi\u010dkov\u00e9 sestavy v parc\u00edch, n\u00e1b\u0159e\u017e\u00edch \u0159ek, univerzitn\u00edch kampusech a jin\u00fdch ve\u0159ejn\u00fdch prostor\u00e1ch v\u0161ude &hellip; Continued","og_url":"https:\/\/www.streetpark.eu\/cs\/lehatko-vela\/","og_site_name":"M\u011bstsk\u00fd mobili\u00e1\u0159 STREETPARK","article_publisher":"https:\/\/www.facebook.com\/streetpark.eu","article_published_time":"2018-09-14T13:42:14+00:00","article_modified_time":"2024-03-18T08:17:13+00:00","og_image":[{"width":1600,"height":1066,"url":"https:\/\/www.streetpark.eu\/wp-content\/uploads\/2018\/05\/streetpark-lavicka-VELA-LVL5-04.jpg","type":"image\/jpeg"}],"author":"Magdalena Dokulilov\u00e1","twitter_card":"summary_large_image","twitter_misc":{"Napsal(a)":"Magdalena Dokulilov\u00e1","Odhadovan\u00e1 doba \u010dten\u00ed":"1 minuta"},"schema":{"@context":"https:\/\/schema.org","@graph":[{"@type":"Article","@id":"https:\/\/www.streetpark.eu\/cs\/lehatko-vela\/#article","isPartOf":{"@id":"https:\/\/www.streetpark.eu\/cs\/lehatko-vela\/"},"author":{"name":"Magdalena Dokulilov\u00e1","@id":"https:\/\/www.streetpark.eu\/cs\/#\/schema\/person\/05cdbc4cb9641b2b18c3ffffb116c1c2"},"headline":"Leh\u00e1tko VELA","datePublished":"2018-09-14T13:42:14+00:00","dateModified":"2024-03-18T08:17:13+00:00","mainEntityOfPage":{"@id":"https:\/\/www.streetpark.eu\/cs\/lehatko-vela\/"},"wordCount":91,"publisher":{"@id":"https:\/\/www.streetpark.eu\/cs\/#organization"},"image":{"@id":"https:\/\/www.streetpark.eu\/cs\/lehatko-vela\/#primaryimage"},"thumbnailUrl":"https:\/\/www.streetpark.eu\/wp-content\/uploads\/2018\/05\/streetpark-lavicka-VELA-LVL5-04.jpg","articleSection":["Uncategorized @cs"],"inLanguage":"cs"},{"@type":"WebPage","@id":"https:\/\/www.streetpark.eu\/cs\/lehatko-vela\/","url":"https:\/\/www.streetpark.eu\/cs\/lehatko-vela\/","name":"Leh\u00e1tko VELA - M\u011bstsk\u00fd mobili\u00e1\u0159 STREETPARK","isPartOf":{"@id":"https:\/\/www.streetpark.eu\/cs\/#website"},"primaryImageOfPage":{"@id":"https:\/\/www.streetpark.eu\/cs\/lehatko-vela\/#primaryimage"},"image":{"@id":"https:\/\/www.streetpark.eu\/cs\/lehatko-vela\/#primaryimage"},"thumbnailUrl":"https:\/\/www.streetpark.eu\/wp-content\/uploads\/2018\/05\/streetpark-lavicka-VELA-LVL5-04.jpg","datePublished":"2018-09-14T13:42:14+00:00","dateModified":"2024-03-18T08:17:13+00:00","breadcrumb":{"@id":"https:\/\/www.streetpark.eu\/cs\/lehatko-vela\/#breadcrumb"},"inLanguage":"cs","potentialAction":[{"@type":"ReadAction","target":["https:\/\/www.streetpark.eu\/cs\/lehatko-vela\/"]}]},{"@type":"ImageObject","inLanguage":"cs","@id":"https:\/\/www.streetpark.eu\/cs\/lehatko-vela\/#primaryimage","url":"https:\/\/www.streetpark.eu\/wp-content\/uploads\/2018\/05\/streetpark-lavicka-VELA-LVL5-04.jpg","contentUrl":"https:\/\/www.streetpark.eu\/wp-content\/uploads\/2018\/05\/streetpark-lavicka-VELA-LVL5-04.jpg","width":1600,"height":1066},{"@type":"BreadcrumbList","@id":"https:\/\/www.streetpark.eu\/cs\/lehatko-vela\/#breadcrumb","itemListElement":[{"@type":"ListItem","position":1,"name":"Dom\u016f","item":"https:\/\/www.streetpark.eu\/cs\/"},{"@type":"ListItem","position":2,"name":"Leh\u00e1tko VELA"}]},{"@type":"WebSite","@id":"https:\/\/www.streetpark.eu\/cs\/#website","url":"https:\/\/www.streetpark.eu\/cs\/","name":"M\u011bstsk\u00fd mobili\u00e1\u0159 STREETPARK","description":"STREETPARK jsou designov\u00e9 v\u00fdrobky, kter\u00e9 probud\u00ed va\u0161e city.","publisher":{"@id":"https:\/\/www.streetpark.eu\/cs\/#organization"},"potentialAction":[{"@type":"SearchAction","target":{"@type":"EntryPoint","urlTemplate":"https:\/\/www.streetpark.eu\/cs\/?s={search_term_string}"},"query-input":{"@type":"PropertyValueSpecification","valueRequired":true,"valueName":"search_term_string"}}],"inLanguage":"cs"},{"@type":"Organization","@id":"https:\/\/www.streetpark.eu\/cs\/#organization","name":"M\u011bstsk\u00fd mobili\u00e1\u0159 STREETPARK","url":"https:\/\/www.streetpark.eu\/cs\/","logo":{"@type":"ImageObject","inLanguage":"cs","@id":"https:\/\/www.streetpark.eu\/cs\/#\/schema\/logo\/image\/","url":"https:\/\/www.streetpark.eu\/wp-content\/uploads\/2022\/10\/STREETPARK_zakladni-varianta_ochr.zona.png","contentUrl":"https:\/\/www.streetpark.eu\/wp-content\/uploads\/2022\/10\/STREETPARK_zakladni-varianta_ochr.zona.png","width":1906,"height":575,"caption":"M\u011bstsk\u00fd mobili\u00e1\u0159 STREETPARK"},"image":{"@id":"https:\/\/www.streetpark.eu\/cs\/#\/schema\/logo\/image\/"},"sameAs":["https:\/\/www.facebook.com\/streetpark.eu","https:\/\/www.instagram.com\/streetpark.eu\/","https:\/\/www.linkedin.com\/company\/streetpark","https:\/\/cz.pinterest.com\/streetparkurbanfurniture\/"]},{"@type":"Person","@id":"https:\/\/www.streetpark.eu\/cs\/#\/schema\/person\/05cdbc4cb9641b2b18c3ffffb116c1c2","name":"Magdalena Dokulilov\u00e1","image":{"@type":"ImageObject","inLanguage":"cs","@id":"https:\/\/www.streetpark.eu\/cs\/#\/schema\/person\/image\/","url":"https:\/\/secure.gravatar.com\/avatar\/dfb235d048b37b88a6075ced1a725f10bde35828588105a8ec456b1e35611985?s=96&d=mm&r=g","contentUrl":"https:\/\/secure.gravatar.com\/avatar\/dfb235d048b37b88a6075ced1a725f10bde35828588105a8ec456b1e35611985?s=96&d=mm&r=g","caption":"Magdalena Dokulilov\u00e1"}}]}},"_links":{"self":[{"href":"https:\/\/www.streetpark.eu\/cs\/wp-json\/wp\/v2\/posts\/6216","targetHints":{"allow":["GET"]}}],"collection":[{"href":"https:\/\/www.streetpark.eu\/cs\/wp-json\/wp\/v2\/posts"}],"about":[{"href":"https:\/\/www.streetpark.eu\/cs\/wp-json\/wp\/v2\/types\/post"}],"author":[{"embeddable":true,"href":"https:\/\/www.streetpark.eu\/cs\/wp-json\/wp\/v2\/users\/84"}],"replies":[{"embeddable":true,"href":"https:\/\/www.streetpark.eu\/cs\/wp-json\/wp\/v2\/comments?post=6216"}],"version-history":[{"count":10,"href":"https:\/\/www.streetpark.eu\/cs\/wp-json\/wp\/v2\/posts\/6216\/revisions"}],"predecessor-version":[{"id":29488,"href":"https:\/\/www.streetpark.eu\/cs\/wp-json\/wp\/v2\/posts\/6216\/revisions\/29488"}],"wp:featuredmedia":[{"embeddable":true,"href":"https:\/\/www.streetpark.eu\/cs\/wp-json\/wp\/v2\/media\/4981"}],"wp:attachment":[{"href":"https:\/\/www.streetpark.eu\/cs\/wp-json\/wp\/v2\/media?parent=6216"}],"wp:term":[{"taxonomy":"category","embeddable":true,"href":"https:\/\/www.streetpark.eu\/cs\/wp-json\/wp\/v2\/categories?post=6216"},{"taxonomy":"post_tag","embeddable":true,"href":"https:\/\/www.streetpark.eu\/cs\/wp-json\/wp\/v2\/tags?post=6216"}],"curies":[{"name":"wp","href":"https:\/\/api.w.org\/{rel}","templated":true}]}}